{"id":77588,"date":"2023-06-27T13:34:56","date_gmt":"2023-06-27T11:34:56","guid":{"rendered":"https:\/\/www.snccsa.com\/en\/?p=77588"},"modified":"2023-06-29T15:31:07","modified_gmt":"2023-06-29T13:31:07","slug":"sncc-installation-de-la-nouvelle-delegation-syndicale-nationale","status":"publish","type":"post","link":"https:\/\/www.snccsa.com\/en\/2023\/06\/27\/sncc-installation-de-la-nouvelle-delegation-syndicale-nationale\/","title":{"rendered":"SNCC :Installation de la nouvelle d\u00e9l\u00e9gation syndicale nationale"},"content":{"rendered":"<p>La journ\u00e9e du 26 juin 2023 restera grav\u00e9e dans les annales de l&#8217;histoire de la SNCC.SA. Elle Marque l&#8217;installation de la d\u00e9l\u00e9gation syndicale nationale, issue des \u00e9lections syndicales de la 8\u00e8me \u00e9dition 2023-2026. \u00c9lections organis\u00e9es en toute transparence par la Direction g\u00e9n\u00e9rale de cette entreprise de transport multimodal , dix ans apr\u00e8s les pr\u00e9c\u00e9dentes. Pour le DG,M. Fabien Mutomb Kan kato, le scrutin s&#8217;est d\u00e9roul\u00e9 sans incident majeur \u00e0 travers tout le r\u00e9seau . Il l&#8217;a dit au cours de la c\u00e9r\u00e9monie d&#8217;installation de la d\u00e9l\u00e9gation syndicale nationale, tenue ce lundi au Cercle James Mutafa \u00e0 lubumbashi, en pr\u00e9sence du Pr\u00e9sident du Conseil d\u2019administration, M. Jean Ladis Umba Lungange, du Dga, M. Jacques kamenga tshimuanga ainsi que du repr\u00e9sentant du ministre provincial de transport.<br \/>\n Au nom de la loi, le chef de division provinciale de l&#8217;inspection du travail, Ezechiel PYANA a proc\u00e9d\u00e9 \u00e0 l&#8217;installation solennelle de ladite d\u00e9l\u00e9gation syndicale nationale \u00e0 la SNCC.SA. Occasion pour le Num\u00e9ro UN de la SNCC SA de f\u00e9licit\u00e9 les d\u00e9l\u00e9gu\u00e9s syndicaux nationaux \u00e9lus et les membres du bureau avant de leur souhaiter un fructueux mandat syndical.<a href=\"https:\/\/www.snccsa.com\/wp-content\/uploads\/2023\/06\/IMG_9784-scaled.jpg\"><img loading=\"lazy\" decoding=\"async\" src=\"https:\/\/www.snccsa.com\/wp-content\/uploads\/2023\/06\/IMG_9784-300x216.jpg\" alt=\"\" width=\"300\" height=\"216\" class=\"aligncenter size-medium wp-image-77633\" \/><\/a><\/p>\n<p><a href=\"https:\/\/www.snccsa.com\/wp-content\/uploads\/2023\/06\/IMG_9832-scaled.jpg\"><img loading=\"lazy\" decoding=\"async\" src=\"https:\/\/www.snccsa.com\/wp-content\/uploads\/2023\/06\/IMG_9832-300x200.jpg\" alt=\"\" width=\"300\" height=\"200\" class=\"aligncenter size-medium wp-image-77634\" \/><\/a><\/p>\n<p><a href=\"https:\/\/www.snccsa.com\/wp-content\/uploads\/2023\/06\/IMG_9772-scaled.jpg\"><img loading=\"lazy\" decoding=\"async\" src=\"https:\/\/www.snccsa.com\/wp-content\/uploads\/2023\/06\/IMG_9772-300x132.jpg\" alt=\"\" width=\"300\" height=\"132\" class=\"aligncenter size-medium wp-image-77635\" \/><\/a><\/p>\n<p><a href=\"https:\/\/www.snccsa.com\/wp-content\/uploads\/2023\/06\/IMG_9774-scaled.jpg\"><img loading=\"lazy\" decoding=\"async\" src=\"https:\/\/www.snccsa.com\/wp-content\/uploads\/2023\/06\/IMG_9774-300x124.jpg\" alt=\"\" width=\"300\" height=\"124\" class=\"aligncenter size-medium wp-image-77636\" \/><\/a><\/p>\n<p><a href=\"https:\/\/www.snccsa.com\/wp-content\/uploads\/2023\/06\/ancien-comite-2-scaled.jpg\"><img loading=\"lazy\" decoding=\"async\" src=\"https:\/\/www.snccsa.com\/wp-content\/uploads\/2023\/06\/ancien-comite-2-300x198.jpg\" alt=\"\" width=\"300\" height=\"198\" class=\"aligncenter size-medium wp-image-77637\" \/><\/a><a href=\"https:\/\/www.snccsa.com\/wp-content\/uploads\/2023\/06\/IMG_9774-scaled.jpg\"><img loading=\"lazy\" decoding=\"async\" src=\"https:\/\/www.snccsa.com\/wp-content\/uploads\/2023\/06\/IMG_9774-300x124.jpg\" alt=\"\" width=\"300\" height=\"124\" class=\"aligncenter size-medium wp-image-77636\" \/><\/a><br \/>\n L&#8217;av\u00e8nement du nouveau banc syndical intervient au moment o\u00f9 la SNCC.SA traverse encore une p\u00e9riode difficile. Aussi, le CEO de la SNCC.SA a t- il convi\u00e9 les d\u00e9l\u00e9gu\u00e9s syndicaux \u00e0 l&#8217;encadrement de la masse ouvri\u00e8re. Seule, la Direction g\u00e9n\u00e9rale  ne peut rien, mais avec l&#8217;appui du banc syndical et celui des cheminots, la SNCC.SA peut tout faire, a encore soulign\u00e9 le manager du chemin de fer congolais. Il a \u00e9galement invit\u00e9 le banc syndical \u00e0 un partenariat constructif et concert\u00e9 en vue de rem\u00e9dier aux diff\u00e9rents d\u00e9fis auxquels la SNCC.SA fait face et de les relever progressivement dans la mesure du possible, en toute s\u00e9r\u00e9nit\u00e9. Dans l&#8217;int\u00e9r\u00eat sup\u00e9rieur de la nation, la Dg et la DSN doivent collaborer \u00e9troitement pour r\u00e9aliser les objectifs de l&#8217;entreprise \u00e0 travers les facteurs de production, y compris les ressources humaines. Car la SNCC.SA se fait sienne le mot d&#8217;ordre du Chef de l&#8217;\u00e9tat, son excellence F\u00e9lix Antoine TSHISEKEDI TSHILOMBO \u00e0 savoir le Peuple d&#8217;abord, et dans le cas de SNCC.SA, les cheminots d&#8217;abord.<br \/>\n La SNCC.SA qui est encore dans sa phase de redressement, est attendue, et par le Gouvernement, et par les cheminots, marins et leurs enfants ainsi que par la population, \u00e0 manifester son impact \u00e9conomique et social r\u00e9el dans le d\u00e9veloppement de la RDC, surtout en cette ann\u00e9e \u00e9lectorale, a indiqu\u00e9 le Dg Fabien Mutomb Kan kato. La SNCC.SA, a- t- il ajout\u00e9, est et doit demeurer ce g\u00e9ant de transport de surface que nous devons tous sauvegarder car nous sommes tous li\u00e9s \u00e0 l&#8217;obligation de prot\u00e9ger et de relancer la SNCC.SA, a conclu M. Fabien Mutomb en s&#8217;adressant aux d\u00e9l\u00e9gu\u00e9s syndicaux.<a href=\"https:\/\/www.snccsa.com\/wp-content\/uploads\/2023\/06\/DSC_4326-scaled.jpg\"><img loading=\"lazy\" decoding=\"async\" src=\"https:\/\/www.snccsa.com\/wp-content\/uploads\/2023\/06\/DSC_4326-300x200.jpg\" alt=\"\" width=\"300\" height=\"200\" class=\"aligncenter size-medium wp-image-77622\" \/><\/a><br \/>\n Agr\u00e9ment\u00e9e par la Fanfare et les majorettes de la SNCC.SA, la c\u00e9r\u00e9monie s&#8217;est d\u00e9roul\u00e9e en pr\u00e9sence des directeurs de directions, des d\u00e9l\u00e9gu\u00e9s syndicaux nationaux et des permanents syndicaux. La directrice de la direction des ressources humaines, Mme Jeanne Luta Natshilombo a donn\u00e9 lecture des noms des d\u00e9l\u00e9gu\u00e9s syndicaux nationaux \u00e9lus dans les diff\u00e9rentes cit\u00e9s de la SNCC.SA.<br \/>\n Outre l&#8217;allocution du Dg Fabien Mutomb Kan kato, deux autres temps forts ont \u00e9t\u00e9 \u00e9pingl\u00e9s \u00e0 savoir l&#8217;hommage rendu par le Pr\u00e9sident du Bureau de la d\u00e9l\u00e9gation syndicale nationale, M. Safila Makanino, au Chef de l&#8217;Etat, SE F\u00e9lix Antoine TSHISEKEDI TSHILOMBO pour sa sollicitude vis \u00e0 vis de la SNCC.SA et des cheminots. Il a salu\u00e9 la dotation de 100 wagons porte-conteneurs neufs avant de solliciter la tenue expresse de la session ordinaire de juin de la r\u00e9union syndicale nationale de la SNCC.SA. Le Pr\u00e9sident du Bureau a \u00e9galement rappel\u00e9 certains probl\u00e8mes sociaux auxquels les cheminots actifs et passifs sont confront\u00e9s et a plaid\u00e9 pour des solutions appropri\u00e9es.<a href=\"https:\/\/www.snccsa.com\/wp-content\/uploads\/2023\/06\/DSC_4281-scaled.jpg\"><img loading=\"lazy\" decoding=\"async\" src=\"https:\/\/www.snccsa.com\/wp-content\/uploads\/2023\/06\/DSC_4281-300x200.jpg\" alt=\"\" width=\"300\" height=\"200\" class=\"aligncenter size-medium wp-image-77628\" \/><\/a><br \/>\nPar ailleurs, dans son mot de circonstance avant de proc\u00e9der \u00e0 l&#8217;installation de la d\u00e9l\u00e9gation syndicale nationale, le chef de division provinciale de l&#8217;inspection du travail, M. Ezechiel PYANA a rappel\u00e9 certains principes qui doivent guider le partenariat entre le banc syndical et l&#8217;employeur. A savoir :le dialogue permanent, la concertation, la communication des informations sur la marche de l&#8217;entreprise, le respect de la proc\u00e9dure en cas de conflit. La gr\u00e8ve sauvage est sanctionable par la loi, a soulign\u00e9 l&#8217;inspecteur provincial du travail. Le banc syndical et l&#8217;employeur ne sont pas des ennemis, a-t-il conclu avant de souhaiter un fructueux mandat \u00e0 la d\u00e9l\u00e9gation syndicale nationale de la SNCC.SA.<\/p>\n","protected":false},"excerpt":{"rendered":"<p>La journ\u00e9e du 26 juin 2023 restera grav\u00e9e dans les annales de l&#8217;histoire de la SNCC.SA. Elle Marque l&#8217;installation de la d\u00e9l\u00e9gation syndicale nationale, issue des \u00e9lections syndicales de la 8\u00e8me \u00e9dition 2023-2026. \u00c9lections organis\u00e9es en toute transparence par la Direction g\u00e9n\u00e9rale de cette entreprise de transport multimodal , dix ans apr\u00e8s les pr\u00e9c\u00e9dentes. Pour [&hellip;]<\/p>\n","protected":false},"author":1,"featured_media":77628,"comment_status":"open","ping_status":"closed","sticky":false,"template":"","format":"standard","meta":{"_et_pb_use_builder":"","_et_pb_old_content":"","_et_gb_content_width":"","footnotes":""},"categories":[1],"tags":[],"class_list":["post-77588","post","type-post","status-publish","format-standard","has-post-thumbnail","hentry","category-uncategorized"],"_links":{"self":[{"href":"https:\/\/www.snccsa.com\/en\/wp-json\/wp\/v2\/posts\/77588","targetHints":{"allow":["GET"]}}],"collection":[{"href":"https:\/\/www.snccsa.com\/en\/wp-json\/wp\/v2\/posts"}],"about":[{"href":"https:\/\/www.snccsa.com\/en\/wp-json\/wp\/v2\/types\/post"}],"author":[{"embeddable":true,"href":"https:\/\/www.snccsa.com\/en\/wp-json\/wp\/v2\/users\/1"}],"replies":[{"embeddable":true,"href":"https:\/\/www.snccsa.com\/en\/wp-json\/wp\/v2\/comments?post=77588"}],"version-history":[{"count":5,"href":"https:\/\/www.snccsa.com\/en\/wp-json\/wp\/v2\/posts\/77588\/revisions"}],"predecessor-version":[{"id":77638,"href":"https:\/\/www.snccsa.com\/en\/wp-json\/wp\/v2\/posts\/77588\/revisions\/77638"}],"wp:featuredmedia":[{"embeddable":true,"href":"https:\/\/www.snccsa.com\/en\/wp-json\/wp\/v2\/media\/77628"}],"wp:attachment":[{"href":"https:\/\/www.snccsa.com\/en\/wp-json\/wp\/v2\/media?parent=77588"}],"wp:term":[{"taxonomy":"category","embeddable":true,"href":"https:\/\/www.snccsa.com\/en\/wp-json\/wp\/v2\/categories?post=77588"},{"taxonomy":"post_tag","embeddable":true,"href":"https:\/\/www.snccsa.com\/en\/wp-json\/wp\/v2\/tags?post=77588"}],"curies":[{"name":"wp","href":"https:\/\/api.w.org\/{rel}","templated":true}]}}